{"id":582,"date":"2021-01-05T11:20:27","date_gmt":"2021-01-05T11:20:27","guid":{"rendered":"http:\/\/meritxellmargarit.cat\/?p=582"},"modified":"2026-04-02T08:48:07","modified_gmt":"2026-04-02T08:48:07","slug":"tallers-descriptura-creativa-per-a-joves","status":"publish","type":"post","link":"http:\/\/meritxellmargarit.cat\/index.php\/2021\/01\/05\/tallers-descriptura-creativa-per-a-joves\/","title":{"rendered":"Tallers d&#8217;escriptura creativa per a joves"},"content":{"rendered":"\n<p>Mentre feia <strong><a rel=\"noreferrer noopener\" href=\"http:\/\/meritxellmargarit.cat\/index.php\/2018\/02\/02\/els-clubs-de-lectura-un-inici-inspirador\/\" data-type=\"URL\" data-id=\"http:\/\/meritxellmargarit.cat\/index.php\/2018\/02\/02\/els-clubs-de-lectura-un-inici-inspirador\/\" target=\"_blank\">clubs de lectura<\/a><\/strong>, alguns nois i noies em portaven els seus textos per comentar-los. Despr\u00e9s, alguna vegada m&#8217;havien demanat que fes <strong>tallers pr\u00e0ctics<\/strong> per compartir trucs i experi\u00e8ncies del meu ofici. Sovint, he visitat escoles de prim\u00e0ria i altres centres educatius amb aquest objectiu. Per\u00f2 em resistia a fer tallers amb regularitat, per a adolescents&#8230; Aprofito el canvi d&#8217;any per canviar d&#8217;opini\u00f3 i obrir-me a noves experi\u00e8ncies. S\u00ed, a partir del 2021, far\u00e9 <strong>TALLERS D&#8217;ESCRIPTURA CREATIVA PER A JOVES<\/strong>!! De moment, <strong>online<\/strong>. Si voleu m\u00e9s informaci\u00f3, escriviu-me aqu\u00ed: meritxell@meritxellmargarit.cat.<\/p>\n\n\n\n<figure class=\"wp-block-image size-large\"><img loading=\"lazy\" decoding=\"async\" width=\"1024\" height=\"955\" src=\"http:\/\/meritxellmargarit.cat\/wp-content\/uploads\/2021\/01\/TallerEscriptura_Gris-1024x955.jpg\" alt=\"\" class=\"wp-image-583\" srcset=\"http:\/\/meritxellmargarit.cat\/wp-content\/uploads\/2021\/01\/TallerEscriptura_Gris-1024x955.jpg 1024w, http:\/\/meritxellmargarit.cat\/wp-content\/uploads\/2021\/01\/TallerEscriptura_Gris-300x280.jpg 300w, http:\/\/meritxellmargarit.cat\/wp-content\/uploads\/2021\/01\/TallerEscriptura_Gris-768x716.jpg 768w, http:\/\/meritxellmargarit.cat\/wp-content\/uploads\/2021\/01\/TallerEscriptura_Gris-1536x1433.jpg 1536w, http:\/\/meritxellmargarit.cat\/wp-content\/uploads\/2021\/01\/TallerEscriptura_Gris-2048x1910.jpg 2048w\" sizes=\"auto, (max-width: 1024px) 100vw, 1024px\" \/><\/figure>\n","protected":false},"excerpt":{"rendered":"<p>Mentre feia clubs de lectura, alguns nois i noies em portaven els seus textos per comentar-los. Despr\u00e9s, alguna vegada m&#8217;havien<\/p>\n","protected":false},"author":1,"featured_media":585,"comment_status":"open","ping_status":"open","sticky":false,"template":"","format":"standard","meta":{"footnotes":""},"categories":[126],"tags":[150],"class_list":["post-582","post","type-post","status-publish","format-standard","has-post-thumbnail","hentry","category-tallers","tag-tallers-descriptura","comments-off"],"_links":{"self":[{"href":"http:\/\/meritxellmargarit.cat\/index.php\/wp-json\/wp\/v2\/posts\/582","targetHints":{"allow":["GET"]}}],"collection":[{"href":"http:\/\/meritxellmargarit.cat\/index.php\/wp-json\/wp\/v2\/posts"}],"about":[{"href":"http:\/\/meritxellmargarit.cat\/index.php\/wp-json\/wp\/v2\/types\/post"}],"author":[{"embeddable":true,"href":"http:\/\/meritxellmargarit.cat\/index.php\/wp-json\/wp\/v2\/users\/1"}],"replies":[{"embeddable":true,"href":"http:\/\/meritxellmargarit.cat\/index.php\/wp-json\/wp\/v2\/comments?post=582"}],"version-history":[{"count":1,"href":"http:\/\/meritxellmargarit.cat\/index.php\/wp-json\/wp\/v2\/posts\/582\/revisions"}],"predecessor-version":[{"id":584,"href":"http:\/\/meritxellmargarit.cat\/index.php\/wp-json\/wp\/v2\/posts\/582\/revisions\/584"}],"wp:featuredmedia":[{"embeddable":true,"href":"http:\/\/meritxellmargarit.cat\/index.php\/wp-json\/wp\/v2\/media\/585"}],"wp:attachment":[{"href":"http:\/\/meritxellmargarit.cat\/index.php\/wp-json\/wp\/v2\/media?parent=582"}],"wp:term":[{"taxonomy":"category","embeddable":true,"href":"http:\/\/meritxellmargarit.cat\/index.php\/wp-json\/wp\/v2\/categories?post=582"},{"taxonomy":"post_tag","embeddable":true,"href":"http:\/\/meritxellmargarit.cat\/index.php\/wp-json\/wp\/v2\/tags?post=582"}],"curies":[{"name":"wp","href":"https:\/\/api.w.org\/{rel}","templated":true}]}}